{"id":1166,"date":"2017-09-06T14:51:10","date_gmt":"2017-09-06T12:51:10","guid":{"rendered":"http:\/\/kbnl.ch\/?p=1166"},"modified":"2017-09-06T14:51:10","modified_gmt":"2017-09-06T12:51:10","slug":"klimaschutz-durch-hochmoorrenaturierung","status":"publish","type":"post","link":"https:\/\/kbnl.ch\/fr\/2017\/09\/06\/klimaschutz-durch-hochmoorrenaturierung\/","title":{"rendered":"La restauration des hauts-marais, un facteur de protection du climat"},"content":{"rendered":"<p><strong>Alors qu\u2019ils ne recouvrent que 3% des terres \u00e9merg\u00e9es, les marais contiennent 30% du carbone organique des sols. Ces terrains, satur\u00e9s d\u2019eau la plupart du temps, n\u2019autorisent pas la d\u00e9composition de la mati\u00e8re organique, qui y est stock\u00e9e de fa\u00e7on permanente. Simultan\u00e9ment, ils pi\u00e8gent chaque ann\u00e9e de 150 \u00e0 250 millions de tonnes de CO<sub>2<\/sub> atmosph\u00e9rique. Cette double fonction de confinement et de captage, constante dans les zones intactes, s\u2019inverse d\u00e8s lors que le milieu est drain\u00e9: la p\u00e9n\u00e9tration du dioxyg\u00e8ne dans la tourbi\u00e8re r\u00e9amorce le cycle de d\u00e9gradation de la mati\u00e8re organique, et le carbone est rejet\u00e9 dans l\u2019atmosph\u00e8re sous forme de CO<sub>2<\/sub>. Ces \u00e9missions ne peuvent \u00eatre stopp\u00e9es que par des interventions de renaturation. Des projets de ce type seront bient\u00f4t propos\u00e9s en Suisse sur le march\u00e9 volontaire de la compensation carbone.<\/strong><\/p>\n<p><strong>Situation des hauts-marais en Suisse<\/strong><br \/>\nLes hauts-marais ass\u00e9ch\u00e9s de Suisse lib\u00e8rent \u00e0 eux seuls quelque 19 400 t de CO<sub>2<\/sub> par an (pour une surface totale de 1500 ha (Ismail 2007) et des \u00e9missions standard IPCC pour des tourbi\u00e8res ombrotrophes converties en p\u00e2turages de la zone climatique temp\u00e9r\u00e9e de 5,3 t de C<sub>org<\/sub>\/ha\/an). Si les hauts-marais subsistants sont pour la plupart plac\u00e9s sous protection constitutionnelle depuis l\u2019initiative de Rothenthurm de 1987, le seul maintien de l\u2019\u00e9tat existant ne suffit pas \u00e0 enrayer la min\u00e9ralisation et donc les \u00e9missions de CO<sub>2<\/sub>: la solution tient dans la restauration hydrique du milieu d\u2019origine. Les cantons sont tenus d\u2019y proc\u00e9der \u00abchaque fois que l\u2019occasion s\u2019en pr\u00e9sente\u00bb, mais le manque fr\u00e9quent de moyens limite les possibilit\u00e9s. Aussi l\u2019\u00e9tat des marais de Suisse, loin de s\u2019am\u00e9liorer, se d\u00e9grade-t-il depuis 30\u00a0ans du fait du processus de min\u00e9ralisation ininterrompu.<\/p>\n<p><strong>Les \u00e9missions de CO<sub>2<\/sub> des hauts-marais de Suisse&#8230;<\/strong><br \/>\nMen\u00e9e dans les r\u00e8gles de l\u2019art, la r\u00e9hydratation d\u2019un haut-marais ass\u00e9ch\u00e9 met fin aux rejets de CO<sub>2<\/sub> et r\u00e9tablit le m\u00e9canisme d\u2019emprisonnement du carbone. Les \u00e9missions de m\u00e9thane li\u00e9es \u00e0 la mort et \u00e0 la fermentation de la v\u00e9g\u00e9tation non typique peuvent \u00eatre contenues par le rel\u00e8vement tr\u00e8s progressif du niveau de l\u2019eau. Apr\u00e8s avoir recr\u00e9\u00e9 des conditions proches de l\u2019\u00e9tat naturel, le retour \u00e0 la croissance du banc de tourbe et la r\u00e9activation de la s\u00e9questration du carbone s\u2019observent au bout de quelques ann\u00e9es seulement.<\/p>\n<p><strong>&#8230; et leur potentiel de compensation<\/strong><br \/>\nIl est possible de tirer parti de cette r\u00e9duction des \u00e9missions de carbone comme compensation CO<sub>2<\/sub>. Le potentiel de compensation, c\u2019est-\u00e0-dire la quantit\u00e9 des rejets de CO<sub>2<\/sub> \u00e9vit\u00e9s gr\u00e2ce \u00e0 une r\u00e9hydratation, est fonction de la teneur en carbone de la couche de tourbe drain\u00e9e. Faute d\u2019intervention, le carbone conserv\u00e9 dans le sol, d\u00e9grad\u00e9 en continu par min\u00e9ralisation, finirait par \u00eatre rejet\u00e9 en totalit\u00e9 dans l\u2019atmosph\u00e8re.<br \/>\nDans le cas d\u2019une tourbi\u00e8re drain\u00e9e en moyenne sur une profondeur de 50 cm, le potentiel de compensation s\u2019inscrit aux alentours de 1000 t \u00e9q.-CO<sub>2<\/sub>\/ha (pour une teneur en carbone de 0,056 t C<sub>org<\/sub>\/m<sup>3<\/sup>; Gubler 2017). Ce chiffre ne correspond pas aux rejets annuels, mais \u00e0 la quantit\u00e9 totale de CO<sub>2<\/sub> qui aurait \u00e9t\u00e9 lib\u00e9r\u00e9e dans l\u2019atmosph\u00e8re apr\u00e8s la min\u00e9ralisation compl\u00e8te de la couche de tourbe drain\u00e9e sur 50 cm, au terme d\u2019une p\u00e9riode de 50 \u00e0 100 ans.<\/p>\n<figure id=\"attachment_1173\" aria-describedby=\"caption-attachment-1173\" style=\"width: 500px\" class=\"wp-caption aligncenter\"><a href=\"http:\/\/kbnl.ch\/wp-content\/uploads\/2017\/09\/TGH_Wiedervern\u00e4ssung_df.jpg\"><img loading=\"lazy\" decoding=\"async\" class=\"wp-image-1173 size-full\" src=\"http:\/\/kbnl.ch\/wp-content\/uploads\/2017\/09\/TGH_Wiedervern\u00e4ssung_df.jpg\" alt=\"\" width=\"500\" height=\"753\" srcset=\"https:\/\/kbnl.ch\/wp-content\/uploads\/2017\/09\/TGH_Wiedervern\u00e4ssung_df.jpg 500w, https:\/\/kbnl.ch\/wp-content\/uploads\/2017\/09\/TGH_Wiedervern\u00e4ssung_df-199x300.jpg 199w, https:\/\/kbnl.ch\/wp-content\/uploads\/2017\/09\/TGH_Wiedervern\u00e4ssung_df-16x24.jpg 16w, https:\/\/kbnl.ch\/wp-content\/uploads\/2017\/09\/TGH_Wiedervern\u00e4ssung_df-24x36.jpg 24w, https:\/\/kbnl.ch\/wp-content\/uploads\/2017\/09\/TGH_Wiedervern\u00e4ssung_df-32x48.jpg 32w\" sizes=\"auto, (max-width: 500px) 100vw, 500px\" \/><\/a><figcaption id=\"caption-attachment-1173\" class=\"wp-caption-text\">Emissions de CO<sub>2<\/sub> \u00e9vit\u00e9es gr\u00e2ce \u00e0 la r\u00e9humidification (d\u2019apr\u00e8s DIAGONAL n\u00b0 2\/17, sous presse).<\/figcaption><\/figure>\n<p><strong>Co\u00fbt de la restauration et prix de la compensation<\/strong><br \/>\nLes hauts-marais sont des \u00e9cosyst\u00e8mes de petites dimensions, pour certains difficilement accessibles, colonis\u00e9s par les buissons ou la for\u00eat. Leur revitalisation est une entreprise longue et complexe, qui requiert de l\u2019exp\u00e9rience, de l\u2019expertise, des machines particuli\u00e8res et beaucoup de travail. Les co\u00fbts de restauration, \u00e0 la hauteur de cette technicit\u00e9, se situent autour de 78 000 francs par hectare (analyse des co\u00fbts de 35 projets de restauration achev\u00e9s en Suisse; Gubler 2015). Autrement dit, 76 francs sont n\u00e9cessaires pour emp\u00eacher l\u2019\u00e9mission d\u2019une tonne de CO<sub>2<\/sub>.<\/p>\n<p><strong>Un investissement dans les r\u00e9gions<\/strong><br \/>\nLa revitalisation d\u2019un haut-marais permet une r\u00e9duction des \u00e9missions de CO<sub>2<\/sub> et une revalorisation du paysage, mais elle a \u00e9galement un impact favorable sur l\u2019\u00e9conomie r\u00e9gionale. Car les investissements consentis profitent directement \u00e0 la r\u00e9gion: 60 % environ des 78 000 francs requis par hectare sont inject\u00e9s au niveau local. L\u2019abattage, le terrassement, le transport et les autres interventions sont assur\u00e9s par des entreprises implant\u00e9es \u00e0 proximit\u00e9.<\/p>\n<table>\n<tbody>\n<tr style=\"height: 333px;\">\n<td style=\"height: 333px;\">\n<p><figure id=\"attachment_1176\" aria-describedby=\"caption-attachment-1176\" style=\"width: 300px\" class=\"wp-caption alignnone\"><a href=\"http:\/\/kbnl.ch\/wp-content\/uploads\/2017\/09\/Bauarbeiten_LINeco_15358_proNatura.jpg\"><img loading=\"lazy\" decoding=\"async\" class=\"wp-image-1176 size-medium\" src=\"http:\/\/kbnl.ch\/wp-content\/uploads\/2017\/09\/Bauarbeiten_LINeco_15358_proNatura-300x225.jpg\" alt=\"\" width=\"300\" height=\"225\" srcset=\"https:\/\/kbnl.ch\/wp-content\/uploads\/2017\/09\/Bauarbeiten_LINeco_15358_proNatura-300x225.jpg 300w, https:\/\/kbnl.ch\/wp-content\/uploads\/2017\/09\/Bauarbeiten_LINeco_15358_proNatura-768x576.jpg 768w, https:\/\/kbnl.ch\/wp-content\/uploads\/2017\/09\/Bauarbeiten_LINeco_15358_proNatura.jpg 1024w, https:\/\/kbnl.ch\/wp-content\/uploads\/2017\/09\/Bauarbeiten_LINeco_15358_proNatura-24x18.jpg 24w, https:\/\/kbnl.ch\/wp-content\/uploads\/2017\/09\/Bauarbeiten_LINeco_15358_proNatura-36x27.jpg 36w, https:\/\/kbnl.ch\/wp-content\/uploads\/2017\/09\/Bauarbeiten_LINeco_15358_proNatura-48x36.jpg 48w\" sizes=\"auto, (max-width: 300px) 100vw, 300px\" \/><\/a><figcaption id=\"caption-attachment-1176\" class=\"wp-caption-text\">Travaux de restauration d\u2019un haut-marais (photo: Les Pontins, LIN\u2019eco \u00a9Pro Natura).<\/figcaption><\/figure><\/td>\n<td style=\"height: 333px;\">\n<p><figure id=\"attachment_1179\" aria-describedby=\"caption-attachment-1179\" style=\"width: 300px\" class=\"wp-caption alignnone\"><a href=\"http:\/\/kbnl.ch\/wp-content\/uploads\/2017\/09\/Wiedervern\u00e4sst_MG_2831-Copy.jpg\"><img loading=\"lazy\" decoding=\"async\" class=\"wp-image-1179 size-medium\" src=\"http:\/\/kbnl.ch\/wp-content\/uploads\/2017\/09\/Wiedervern\u00e4sst_MG_2831-Copy-300x200.jpg\" alt=\"\" width=\"300\" height=\"200\" srcset=\"https:\/\/kbnl.ch\/wp-content\/uploads\/2017\/09\/Wiedervern\u00e4sst_MG_2831-Copy-300x200.jpg 300w, https:\/\/kbnl.ch\/wp-content\/uploads\/2017\/09\/Wiedervern\u00e4sst_MG_2831-Copy-768x512.jpg 768w, https:\/\/kbnl.ch\/wp-content\/uploads\/2017\/09\/Wiedervern\u00e4sst_MG_2831-Copy-1024x683.jpg 1024w, https:\/\/kbnl.ch\/wp-content\/uploads\/2017\/09\/Wiedervern\u00e4sst_MG_2831-Copy-24x16.jpg 24w, https:\/\/kbnl.ch\/wp-content\/uploads\/2017\/09\/Wiedervern\u00e4sst_MG_2831-Copy-36x24.jpg 36w, https:\/\/kbnl.ch\/wp-content\/uploads\/2017\/09\/Wiedervern\u00e4sst_MG_2831-Copy-48x32.jpg 48w\" sizes=\"auto, (max-width: 300px) 100vw, 300px\" \/><\/a><figcaption id=\"caption-attachment-1179\" class=\"wp-caption-text\">Haut-marais r\u00e9cemment remis en eau (photo: Meienstossmoos, WSL).<\/figcaption><\/figure><\/td>\n<\/tr>\n<\/tbody>\n<\/table>\n<p><strong>Cr\u00e9ation d\u2019expertise<\/strong><br \/>\n\u00c0 l\u2019inverse, la planification et l\u2019accompagnement des travaux rel\u00e8vent d\u2019une expertise particuli\u00e8re. Aujourd\u2019hui, la plupart des projets sont pris en charge par un petit \u00e9ventail de bureaux. Mais dans l\u2019hypoth\u00e8se d\u2019une multiplication \u00e0 long terme des chantiers, on peut supposer qu\u2019un nombre croissant de personnes et d\u2019agences d\u00e9velopperont le savoir-faire requis. Cette cr\u00e9ation d\u2019expertise am\u00e9liorerait la disponibilit\u00e9 des directeurs de travaux, ce qui aurait pour effet d\u2019acc\u00e9l\u00e9rer encore le processus.<\/p>\n<table>\n<tbody>\n<tr style=\"height: 333px;\">\n<td style=\"height: 333px;\">\n<p><figure id=\"attachment_1178\" aria-describedby=\"caption-attachment-1178\" style=\"width: 300px\" class=\"wp-caption alignnone\"><a href=\"http:\/\/kbnl.ch\/wp-content\/uploads\/2017\/09\/Torfmoos_LINeco__IMG_6373_ProNatura.jpg\"><img loading=\"lazy\" decoding=\"async\" class=\"wp-image-1178 size-medium\" src=\"http:\/\/kbnl.ch\/wp-content\/uploads\/2017\/09\/Torfmoos_LINeco__IMG_6373_ProNatura-300x225.jpg\" alt=\"\" width=\"300\" height=\"225\" srcset=\"https:\/\/kbnl.ch\/wp-content\/uploads\/2017\/09\/Torfmoos_LINeco__IMG_6373_ProNatura-300x225.jpg 300w, https:\/\/kbnl.ch\/wp-content\/uploads\/2017\/09\/Torfmoos_LINeco__IMG_6373_ProNatura-768x576.jpg 768w, https:\/\/kbnl.ch\/wp-content\/uploads\/2017\/09\/Torfmoos_LINeco__IMG_6373_ProNatura.jpg 1024w, https:\/\/kbnl.ch\/wp-content\/uploads\/2017\/09\/Torfmoos_LINeco__IMG_6373_ProNatura-24x18.jpg 24w, https:\/\/kbnl.ch\/wp-content\/uploads\/2017\/09\/Torfmoos_LINeco__IMG_6373_ProNatura-36x27.jpg 36w, https:\/\/kbnl.ch\/wp-content\/uploads\/2017\/09\/Torfmoos_LINeco__IMG_6373_ProNatura-48x36.jpg 48w\" sizes=\"auto, (max-width: 300px) 100vw, 300px\" \/><\/a><figcaption id=\"caption-attachment-1178\" class=\"wp-caption-text\">Tapis de sphaignes d\u2019un haut-marais peu apr\u00e8s r\u00e9humidification (photo: Les Pontins, LIN\u2019eco \u00a9Pro Natura).<\/figcaption><\/figure><\/td>\n<td style=\"height: 333px;\">\n<p><figure id=\"attachment_1177\" aria-describedby=\"caption-attachment-1177\" style=\"width: 300px\" class=\"wp-caption alignnone\"><a href=\"http:\/\/kbnl.ch\/wp-content\/uploads\/2017\/09\/Rothenthurm_P1020305.jpg\"><img loading=\"lazy\" decoding=\"async\" class=\"wp-image-1177 size-medium\" src=\"http:\/\/kbnl.ch\/wp-content\/uploads\/2017\/09\/Rothenthurm_P1020305-300x200.jpg\" alt=\"\" width=\"300\" height=\"200\" srcset=\"https:\/\/kbnl.ch\/wp-content\/uploads\/2017\/09\/Rothenthurm_P1020305-300x200.jpg 300w, https:\/\/kbnl.ch\/wp-content\/uploads\/2017\/09\/Rothenthurm_P1020305-768x511.jpg 768w, https:\/\/kbnl.ch\/wp-content\/uploads\/2017\/09\/Rothenthurm_P1020305-1024x682.jpg 1024w, https:\/\/kbnl.ch\/wp-content\/uploads\/2017\/09\/Rothenthurm_P1020305-24x16.jpg 24w, https:\/\/kbnl.ch\/wp-content\/uploads\/2017\/09\/Rothenthurm_P1020305-36x24.jpg 36w, https:\/\/kbnl.ch\/wp-content\/uploads\/2017\/09\/Rothenthurm_P1020305-48x32.jpg 48w\" sizes=\"auto, (max-width: 300px) 100vw, 300px\" \/><\/a><figcaption id=\"caption-attachment-1177\" class=\"wp-caption-text\">Vue d\u2019un haut-marais pr\u00e8s de Rothenturm (photo: \u00c4geriried, Gubler).<\/figcaption><\/figure><\/td>\n<\/tr>\n<\/tbody>\n<\/table>\n<p><strong>Un tr\u00e9sor \u00e9cosyst\u00e9mique<\/strong><br \/>\nCompenser son empreinte carbone \u00e0 travers la r\u00e9g\u00e9n\u00e9ration d\u2019une tourbi\u00e8re haute, c\u2019est agir \u00e0 long terme sur les \u00e9missions de CO<sub>2<\/sub>, mais aussi participer \u00e0 la restauration d\u2019un milieu naturel pr\u00e9serv\u00e9. Les hauts-marais rendent des services \u00e9cosyst\u00e9miques irrempla\u00e7ables:<\/p>\n<ul>\n<li><strong>R\u00e9gulation des inondations:<\/strong> les sphaignes, v\u00e9ritables \u00e9ponges g\u00e9antes, lissent les pics de hautes eaux et participent \u00e0 la r\u00e9gulation des \u00e9coulements lors de fortes pr\u00e9cipitations.<\/li>\n<li><strong>Fra\u00eecheur du microclimat:<\/strong> l\u2019eau stock\u00e9e dans les hauts-marais a pour effet de rafra\u00eechir le microclimat de l\u2019environnement proche.<\/li>\n<li><strong>Biodiversit\u00e9:<\/strong> les hauts-marais sont des sanctuaires de biodiversit\u00e9. Les conditions de vie extr\u00eames ont favoris\u00e9 l\u2019installation d\u2019une flore sp\u00e9cialis\u00e9e, vari\u00e9e et adapt\u00e9e \u00e0 l\u2019acidit\u00e9 du sol. Les tourbi\u00e8res hautes sont aussi l\u2019habitat d\u2019oiseaux, d\u2019insectes et d\u2019amphibiens.<\/li>\n<li><strong>Loisirs:<\/strong> les hauts-marais constituent pour l\u2019homme des espaces de d\u00e9lassement uniques.<\/li>\n<li><strong>Fonction paysag\u00e8re:<\/strong> la restauration des hauts-marais contribue \u00e0 r\u00e9tablir la richesse et la vari\u00e9t\u00e9 des paysages naturels de Suisse.<\/li>\n<li><strong>M\u00e9moire de l\u2019environnement:<\/strong> les hauts-marais intacts regorgent d\u2019informations pr\u00e9cieuses sur notre histoire, stock\u00e9es sous forme de particules de m\u00e9taux lourds, de pollens et autres substances. L\u2019apport d\u2019\u00e9l\u00e9ments nutritifs \u00e9tant exclusivement d\u2019origine atmosph\u00e9rique, ces sols sont des archives uniques des \u00e9v\u00e9nements environnementaux.<\/li>\n<\/ul>\n<p><strong>Contact<\/strong><br \/>\nLena Gubler<br \/>\nInstitut f\u00e9d\u00e9ral de recherches WSL<br \/>\nZ\u00fcrcherstrasse 111<br \/>\n8903 Birmensdorf<br \/>\nT\u00e9l. 044 739 28 03, lena.gubler@wsl.ch<\/p>\n<table style=\"border-color: #000000; background-color: #15c3d6;\">\n<tbody>\n<tr style=\"height: 240px;\">\n<td style=\"height: 240px;\"><strong>Compensation: mode d\u2019emploi<\/strong><\/p>\n<p>Dans un avenir proche, chacun aura la possibilit\u00e9 de compenser ses \u00e9missions de CO2 en participant au financement de projets de r\u00e9g\u00e9n\u00e9ration de hauts-marais par l\u2019interm\u00e9diaire des organismes myclimate et South Pole Group.<\/p>\n<p>Souhaitez-vous contribuer \u00e0 la restauration d\u2019un haut-marais situ\u00e9 \u00e0 proximit\u00e9 de votre domicile ou de votre entreprise et appr\u00e9cier sur le terrain l\u2019impact de la compensation de votre empreinte carbone?<br \/>\nPour en savoir plus, adressez-vous \u00e0 martin.jenk@myclimate.org ou \u00e0<br \/>\no.zoller@southpole.com.<\/td>\n<\/tr>\n<\/tbody>\n<\/table>\n<p><\/p>","protected":false},"excerpt":{"rendered":"<p>Alors qu\u2019ils ne recouvrent que 3% des terres \u00e9merg\u00e9es, les marais contiennent 30% du carbone organique des sols. Ces terrains, satur\u00e9s d\u2019eau la plupart du temps, n\u2019autorisent pas la d\u00e9composition de la mati\u00e8re organique, qui y est stock\u00e9e de fa\u00e7on permanente. Simultan\u00e9ment, ils pi\u00e8gent chaque ann\u00e9e de 150 \u00e0 250 millions de tonnes de CO2 &#8230;<\/p>\n","protected":false},"author":33,"featured_media":0,"comment_status":"closed","ping_status":"closed","sticky":false,"template":"","format":"standard","meta":{"footnotes":""},"categories":[1],"tags":[],"class_list":["post-1166","post","type-post","status-publish","format-standard","hentry","category-allgemein"],"_links":{"self":[{"href":"https:\/\/kbnl.ch\/fr\/wp-json\/wp\/v2\/posts\/1166","targetHints":{"allow":["GET"]}}],"collection":[{"href":"https:\/\/kbnl.ch\/fr\/wp-json\/wp\/v2\/posts"}],"about":[{"href":"https:\/\/kbnl.ch\/fr\/wp-json\/wp\/v2\/types\/post"}],"author":[{"embeddable":true,"href":"https:\/\/kbnl.ch\/fr\/wp-json\/wp\/v2\/users\/33"}],"replies":[{"embeddable":true,"href":"https:\/\/kbnl.ch\/fr\/wp-json\/wp\/v2\/comments?post=1166"}],"version-history":[{"count":17,"href":"https:\/\/kbnl.ch\/fr\/wp-json\/wp\/v2\/posts\/1166\/revisions"}],"predecessor-version":[{"id":1189,"href":"https:\/\/kbnl.ch\/fr\/wp-json\/wp\/v2\/posts\/1166\/revisions\/1189"}],"wp:attachment":[{"href":"https:\/\/kbnl.ch\/fr\/wp-json\/wp\/v2\/media?parent=1166"}],"wp:term":[{"taxonomy":"category","embeddable":true,"href":"https:\/\/kbnl.ch\/fr\/wp-json\/wp\/v2\/categories?post=1166"},{"taxonomy":"post_tag","embeddable":true,"href":"https:\/\/kbnl.ch\/fr\/wp-json\/wp\/v2\/tags?post=1166"}],"curies":[{"name":"wp","href":"https:\/\/api.w.org\/{rel}","templated":true}]}}