{"id":2753,"date":"2023-03-29T08:12:12","date_gmt":"2023-03-29T06:12:12","guid":{"rendered":"https:\/\/kbnl.ch\/?p=2753"},"modified":"2023-03-29T08:14:17","modified_gmt":"2023-03-29T06:14:17","slug":"biodiversitaet-und-landschaftsqualitaeten-im-siedlungsgebiet-foerdern","status":"publish","type":"post","link":"https:\/\/kbnl.ch\/fr\/2023\/03\/29\/biodiversitaet-und-landschaftsqualitaeten-im-siedlungsgebiet-foerdern\/","title":{"rendered":"Favoriser la biodiversit\u00e9 et la qualit\u00e9 du paysage en milieu urbain"},"content":{"rendered":"<p>RETO HAGENBUCH, TOBIAS WILDHABER<\/p>\n<p><strong>Dans le milieu urbain, les espaces ouverts sont mis sous pression par la densification du b\u00e2ti, la multiplication des p\u00e9riodes s\u00e8ches ou encore l\u2019intensification de leur utilisation \u00e0 des fins de loisirs. Si ces espaces sont planifi\u00e9s, r\u00e9alis\u00e9s et entretenus en harmonie avec la nature, ils peuvent toutefois remplir des fonctions importantes dans l\u2019optique d\u2019un d\u00e9veloppement urbain durable: favoriser la biodiversit\u00e9, att\u00e9nuer la chaleur, pr\u00e9server les ressources naturelles et fermer les cycles \u00e9cologiques.<\/strong><\/p>\n<figure id=\"attachment_2754\" aria-describedby=\"caption-attachment-2754\" style=\"width: 1000px\" class=\"wp-caption aligncenter\"><a href=\"https:\/\/kbnl.ch\/wp-content\/uploads\/2023\/03\/ruderalvegetation_small.jpg\"><img loading=\"lazy\" decoding=\"async\" class=\"wp-image-2754 size-full\" src=\"https:\/\/kbnl.ch\/wp-content\/uploads\/2023\/03\/ruderalvegetation_small.jpg\" alt=\"\" width=\"1000\" height=\"630\" srcset=\"https:\/\/kbnl.ch\/wp-content\/uploads\/2023\/03\/ruderalvegetation_small.jpg 1000w, https:\/\/kbnl.ch\/wp-content\/uploads\/2023\/03\/ruderalvegetation_small-300x189.jpg 300w, https:\/\/kbnl.ch\/wp-content\/uploads\/2023\/03\/ruderalvegetation_small-768x484.jpg 768w, https:\/\/kbnl.ch\/wp-content\/uploads\/2023\/03\/ruderalvegetation_small-24x15.jpg 24w, https:\/\/kbnl.ch\/wp-content\/uploads\/2023\/03\/ruderalvegetation_small-36x23.jpg 36w, https:\/\/kbnl.ch\/wp-content\/uploads\/2023\/03\/ruderalvegetation_small-48x30.jpg 48w\" sizes=\"auto, (max-width: 1000px) 100vw, 1000px\" \/><\/a><figcaption id=\"caption-attachment-2754\" class=\"wp-caption-text\">Les v\u00e9g\u00e9tations rud\u00e9rales comptent parmi les plus riches en esp\u00e8ces du point de vue de la flore (photo: Forschungsgruppe Gr\u00fcnraumentwicklung ZHAW).<\/figcaption><\/figure>\n<p>C\u2019est ici qu\u2019intervient un projet de la Haute \u00e9cole zurichoise des sciences appliqu\u00e9es (ZHAW) dans le cadre duquel ont \u00e9t\u00e9 d\u00e9velopp\u00e9s, en collaboration avec dix villes suisses et avec le soutien de l\u2019Office f\u00e9d\u00e9ral de l\u2019environnement (OFEV), des instruments de planification et de mise en \u0153uvre faciles \u00e0 utiliser, dans le but de promouvoir la biodiversit\u00e9 et la qualit\u00e9 du paysage en milieu urbain. Il s\u2019agissait de concilier les exigences en mati\u00e8re de design \/ cr\u00e9ation et d\u2019utilisation de ces surfaces avec des crit\u00e8res de promotion de la biodiversit\u00e9 qui sont aujourd\u2019hui souvent n\u00e9glig\u00e9s dans le cadre de la planification et de la r\u00e9alisation des projets. La question des synergies avec les nombreuses mesures d\u2019adaptation au changement climatique et de r\u00e9duction des \u00eelots de chaleur a aussi \u00e9t\u00e9 prise en compte.<\/p>\n<p><strong>Portail de connaissances pour des espaces libres proches de l\u2019\u00e9tat naturel<br \/>\n<\/strong>Pour faciliter l\u2019acc\u00e8s aux instruments de planification et de mise en \u0153uvre, le projet a d\u00e9velopp\u00e9 l\u2019application web <em>n-fokus<\/em>, qui fait office de portail de connaissances centralis\u00e9 pour les projets concernant la biodiversit\u00e9 et les espaces libres proches de l\u2019\u00e9tat naturel.<\/p>\n<figure id=\"attachment_2755\" aria-describedby=\"caption-attachment-2755\" style=\"width: 650px\" class=\"wp-caption aligncenter\"><a href=\"https:\/\/kbnl.ch\/wp-content\/uploads\/2023\/03\/abbildung-startseite.jpg\"><img loading=\"lazy\" decoding=\"async\" class=\"wp-image-2755 size-large\" src=\"https:\/\/kbnl.ch\/wp-content\/uploads\/2023\/03\/abbildung-startseite-1024x610.jpg\" alt=\"\" width=\"650\" height=\"387\" srcset=\"https:\/\/kbnl.ch\/wp-content\/uploads\/2023\/03\/abbildung-startseite-1024x610.jpg 1024w, https:\/\/kbnl.ch\/wp-content\/uploads\/2023\/03\/abbildung-startseite-300x179.jpg 300w, https:\/\/kbnl.ch\/wp-content\/uploads\/2023\/03\/abbildung-startseite-768x457.jpg 768w, https:\/\/kbnl.ch\/wp-content\/uploads\/2023\/03\/abbildung-startseite-1536x914.jpg 1536w, https:\/\/kbnl.ch\/wp-content\/uploads\/2023\/03\/abbildung-startseite-24x14.jpg 24w, https:\/\/kbnl.ch\/wp-content\/uploads\/2023\/03\/abbildung-startseite-36x21.jpg 36w, https:\/\/kbnl.ch\/wp-content\/uploads\/2023\/03\/abbildung-startseite-48x29.jpg 48w, https:\/\/kbnl.ch\/wp-content\/uploads\/2023\/03\/abbildung-startseite.jpg 1905w\" sizes=\"auto, (max-width: 650px) 100vw, 650px\" \/><\/a><figcaption id=\"caption-attachment-2755\" class=\"wp-caption-text\">Page d\u2019accueil de l\u2019application fokus-n avec les trois domaines principaux: Bases, Th\u00e8mes et Profils.<\/figcaption><\/figure>\n<p>Ce portail en ligne s\u2019adresse en premier lieu aux sp\u00e9cialistes du paysagisme, de l\u2019horticulture, de la protection de la nature, de l\u2019architecture, de la construction et de la gestion d\u2019immeubles, qu\u2019ils soient actifs dans le secteur public ou dans une institution sp\u00e9cialis\u00e9e, une entreprise ou une ONG. Il peut toutefois \u00eatre utilis\u00e9 gratuitement par toutes les personnes qui s\u2019int\u00e9ressent aux sujets abord\u00e9s.<\/p>\n<p>L\u2019objectif central de l\u2019application est la promotion des esp\u00e8ces v\u00e9g\u00e9tales et animales indig\u00e8nes et adapt\u00e9es au site, la conservation et l\u2019am\u00e9lioration de la diversit\u00e9 des habitats et des structures, ainsi que leur mise en r\u00e9seau.<\/p>\n<p>L\u2019application s\u2019articule en quatre parties.<\/p>\n<ul>\n<li>Profils: pr\u00e9sentation des instruments de planification et de mise en \u0153uvre pour les diff\u00e9rents \u00e9l\u00e9ments des espaces ouverts (v\u00e9g\u00e9tation rud\u00e9rale, pelouses fleuries, toitures v\u00e9g\u00e9talis\u00e9es, etc.).<\/li>\n<li>Th\u00e8mes: informations th\u00e9matiques d\u2019ordre g\u00e9n\u00e9ral sur les espaces libres proches de l\u2019\u00e9tat naturel en milieu urbain (gestion des eaux pluviales, utilisation des plantes, faune sauvage, etc.).<\/li>\n<li>Bases: aides pratiques pour le processus de planification et de r\u00e9alisation des projets.<\/li>\n<li>Glossaire: liste exhaustive de termes avec des informations compl\u00e9mentaires.<\/li>\n<\/ul>\n<p><strong>\u00a0<\/strong><strong>Vision d\u2019ensemble du cycle de vie<br \/>\n<\/strong>Pour garantir le succ\u00e8s des efforts de promotion de la biodiversit\u00e9, il convient de consid\u00e9rer l\u2019ensemble du cycle de vie d\u2019un espace ouvert, de sa planification \u00e0 sa remise en \u00e9tat, en passant par les phases de r\u00e9alisation et d\u2019entretien. L\u2019exp\u00e9rience montre que l\u2019id\u00e9e de planifier un espace libre proche de l\u2019\u00e9tat naturel et biodiversifi\u00e9 intervient souvent trop tard dans le processus de planification et de r\u00e9alisation des projets. Des d\u00e9cisions importantes ont alors d\u00e9j\u00e0 \u00e9t\u00e9 prises et celles-ci restreignent consid\u00e9rablement la marge de man\u0153uvre. C\u2019est pourquoi l\u2019application fokus-n propose des conseils pour la planification et la r\u00e9alisation \u00e0 toutes les phases du projet. Un accent particulier a \u00e9galement \u00e9t\u00e9 mis sur l\u2019entretien professionnel des surfaces naturelles, qui permet de garantir le maintien durable et \u00e0 long terme de la fonction des espaces libres.<\/p>\n<p>Par ailleurs, des exigences ont \u00e9t\u00e9 d\u00e9finies afin de favoriser et de faire progresser la biodiversit\u00e9, les espaces libres proches de l\u2019\u00e9tat naturel ainsi que la v\u00e9g\u00e9talisation des b\u00e2timents. Il s\u2019agit ici de distinguer entre des principes et des crit\u00e8res renforc\u00e9s. Les principes devraient si possible \u00eatre appliqu\u00e9s dans tous les projets de promotion de la biodiversit\u00e9 et d\u2019espaces libres proches de l\u2019\u00e9tat naturel. Dans les espaces libres et les espaces verts qui doivent remplir des crit\u00e8res plus stricts en mati\u00e8re de qualit\u00e9 \u00e9cologique (par ex. dans le cadre de la compensation \u00e9cologique), des r\u00e8gles allant au-del\u00e0 des principes d\u00e9finis peuvent s\u2019appliquer. Pour ces cas-l\u00e0, l\u2019application fokus-n propose des crit\u00e8res renforc\u00e9s.<\/p>\n<p><strong>Perspectives<br \/>\n<\/strong>Fokus-n est un portail offrant un vaste fonds d\u2019informations d\u2019ordre g\u00e9n\u00e9ral, mais aussi des renseignements pratiques plus d\u00e9taill\u00e9s. N\u00e9anmoins, l\u2019application n\u2019est pas \u00abtermin\u00e9e\u00bb et elle continue de s\u2019enrichir. Dans le futur, elle sera r\u00e9guli\u00e8rement aliment\u00e9e avec de nouveaux contenus sur la promotion de la biodiversit\u00e9 et sur d\u2019autres th\u00e8mes d\u2019int\u00e9r\u00eat (par ex. \u00e9cosyst\u00e8mes, \u00e9coconception, \u00e9clairage, d\u00e9couverte de la nature), l\u2019objectif \u00e9tant de d\u00e9velopper continuellement le portail de connaissances et de proposer des solutions et des r\u00e9ponses toujours actuelles aux d\u00e9fis propres au milieu urbain.<\/p>\n<p><strong>Nota bene<br \/>\n<\/strong>Le portail de connaissances pour des espaces libres proches de l\u2019\u00e9tat naturel sera accessible \u00e0 l\u2019adresse <a href=\"http:\/\/www.fokus-n.ch\">www.fokus-n.ch<\/a> d\u00e8s le mois de f\u00e9vrier 2023. Il est pr\u00e9vu de traduire l\u2019application en fran\u00e7ais. L\u2019\u00e9quipe de projet cherche actuellement un financement pour la traduction des contenus.<\/p>","protected":false},"excerpt":{"rendered":"<p>RETO HAGENBUCH, TOBIAS WILDHABER Dans le milieu urbain, les espaces ouverts sont mis sous pression par la densification du b\u00e2ti, la multiplication des p\u00e9riodes s\u00e8ches ou encore l\u2019intensification de leur utilisation \u00e0 des fins de loisirs. Si ces espaces sont planifi\u00e9s, r\u00e9alis\u00e9s et entretenus en harmonie avec la nature, ils peuvent toutefois remplir des fonctions &#8230;<\/p>\n","protected":false},"author":33,"featured_media":0,"comment_status":"closed","ping_status":"closed","sticky":false,"template":"","format":"standard","meta":{"footnotes":""},"categories":[1],"tags":[],"class_list":["post-2753","post","type-post","status-publish","format-standard","hentry","category-allgemein"],"_links":{"self":[{"href":"https:\/\/kbnl.ch\/fr\/wp-json\/wp\/v2\/posts\/2753","targetHints":{"allow":["GET"]}}],"collection":[{"href":"https:\/\/kbnl.ch\/fr\/wp-json\/wp\/v2\/posts"}],"about":[{"href":"https:\/\/kbnl.ch\/fr\/wp-json\/wp\/v2\/types\/post"}],"author":[{"embeddable":true,"href":"https:\/\/kbnl.ch\/fr\/wp-json\/wp\/v2\/users\/33"}],"replies":[{"embeddable":true,"href":"https:\/\/kbnl.ch\/fr\/wp-json\/wp\/v2\/comments?post=2753"}],"version-history":[{"count":4,"href":"https:\/\/kbnl.ch\/fr\/wp-json\/wp\/v2\/posts\/2753\/revisions"}],"predecessor-version":[{"id":2759,"href":"https:\/\/kbnl.ch\/fr\/wp-json\/wp\/v2\/posts\/2753\/revisions\/2759"}],"wp:attachment":[{"href":"https:\/\/kbnl.ch\/fr\/wp-json\/wp\/v2\/media?parent=2753"}],"wp:term":[{"taxonomy":"category","embeddable":true,"href":"https:\/\/kbnl.ch\/fr\/wp-json\/wp\/v2\/categories?post=2753"},{"taxonomy":"post_tag","embeddable":true,"href":"https:\/\/kbnl.ch\/fr\/wp-json\/wp\/v2\/tags?post=2753"}],"curies":[{"name":"wp","href":"https:\/\/api.w.org\/{rel}","templated":true}]}}